{"id":16352,"date":"2025-10-14T19:47:59","date_gmt":"2025-10-14T17:47:59","guid":{"rendered":"https:\/\/www.evely.com\/blog\/?p=16352"},"modified":"2025-11-26T14:42:05","modified_gmt":"2025-11-26T13:42:05","slug":"aus-weltklassejungs-de-wird-evely-com","status":"publish","type":"post","link":"https:\/\/www.evely.com\/blog\/ueber-uns\/aus-weltklassejungs-de-wird-evely-com","title":{"rendered":"Aus weltklassejungs wird EVELY \u2013 ein neuer Name, dieselbe Leidenschaft!"},"content":{"rendered":"\n<p>Seit \u00fcber einem Jahrzehnt begleitet ihr uns auf unserer gemeinsamen Reise durch die Eventwelt. Gemeinsam haben wir gefeiert, getanzt, gelacht und unz\u00e4hlige unvergessliche Momente geschaffen.<\/p>\n\n\n\n<h2 class=\"wp-block-heading\"><br>Und jetzt beginnt ein neues Kapitel \u2013 F\u00fcr uns und f\u00fcr euch!<br><strong>Wir hei\u00dfen ab sofort Evely.com!<\/strong><\/h2>\n\n\n\n<figure class=\"wp-block-image size-full\"><img loading=\"lazy\" decoding=\"async\" width=\"700\" height=\"350\" src=\"https:\/\/www.evely.com\/blog\/wp-content\/uploads\/2025\/09\/logo_compact.png\" alt=\"\" class=\"wp-image-15835\"\/><\/figure>\n\n\n\n<h2 class=\"wp-block-heading\"><strong>Warum wir einen Namenswechsel wollten?<\/strong><\/h2>\n\n\n\n<p>Der Name <em>WeltklasseJungs<\/em> hat uns seit 2011 begleitet \u2013 entstanden aus einem DJ-Team, das auf Partys so oft h\u00f6rte: <em>\u201eIhr seid einfach weltklasse, Jungs!\u201c<\/em><br>Doch mit der Zeit ist aus dem DJ-Team eine gro\u00dfe, vielf\u00e4ltige Eventplattform gewachsen \u2013 mit DJs, Musiker<em>innen, Fotograf<\/em>innen und vielen weiteren kreativen Profis.<br>Und da passte der alte Name einfach nicht mehr zu dem, was wir heute sind.<\/p>\n\n\n\n<p><strong>Heute steht der Name EVELY<\/strong> f\u00fcr das, was wir wirklich sind und leben:<br><strong>Events, Emotionen und Vielfalt.<\/strong><br>Ein Name, der k\u00fcrzer, moderner, internationaler und geschlechtsneutral ist. Und vor allem ein Name, der uns allen mehr Raum gibt, gemeinsam zu wachsen.<\/p>\n\n\n\n<h2 class=\"wp-block-heading\"><strong>Was \u00e4ndert sich f\u00fcr euch?<\/strong><\/h2>\n\n\n\n<p>Eigentlich \u00e4ndert sich f\u00fcr euch <strong>fast nichts \u2013 au\u00dfer der Namen und der Look.<\/strong><\/p>\n\n\n\n<div class=\"wp-block-group has-luminous-vivid-orange-color has-white-background-color has-text-color has-background has-link-color wp-elements-b357562d5e3a32ee962d5181805f2288\"><div class=\"wp-block-group__inner-container is-layout-constrained wp-block-group-is-layout-constrained\">\n<ul class=\"wp-block-list\">\n<li>Die alte Seite leitet automatisch auf <strong>EVELY<\/strong><strong class=\"tdfocus-1761755011756\">.com<\/strong> weiter.<\/li>\n\n\n\n<li>Alle Profile, Buchungen und Funktionen bleiben bestehen.<\/li>\n\n\n\n<li>Auch euer Vertragspartner und eure Konditionen \u00e4ndern sich nicht.<\/li>\n\n\n\n<li>Nur unser Design ist frischer, klarer, moderner.<\/li>\n\n\n\n<li>Und unsere Mails kommen ab jetzt von <strong>@evely.com<\/strong>.<\/li>\n<\/ul>\n<\/div><\/div>\n\n\n\n<p>Egal, ob ihr <em>Kund<\/em>innen bei uns seid oder selbst als DJ, Musiker<em>in oder Fotograf<\/em>in Events bereichert \u2013 <strong>alles l\u00e4uft wie gewohnt weiter.<\/strong><\/p>\n\n\n\n<h2 class=\"wp-block-heading\"><strong>Was genau bleibt erhalten?<\/strong><\/h2>\n\n\n\n<div class=\"wp-block-group has-luminous-vivid-orange-color has-text-color has-link-color wp-elements-4947d57758f3a54e8f75e09e359a283d\"><div class=\"wp-block-group__inner-container is-layout-constrained wp-block-group-is-layout-constrained\">\n<p>Unsere Mission.<br>Unsere Leidenschaft.<br>Unsere Community.<\/p>\n<\/div><\/div>\n\n\n\n<p>Wir wollen Menschen verbinden, die das Feiern lieben \u2013 und Events m\u00f6glich machen, die ber\u00fchren und in Erinnerung bleiben. Auch unser <a href=\"https:\/\/www.evely.com\/blog\/\" target=\"_blank\" rel=\"noreferrer noopener\">Blog<\/a>, mit vielf\u00e4ltigen Tipps und Tricks rund um das Thema <a href=\"https:\/\/www.evely.com\/blog\/category\/kunden\/hochzeit-planen\" target=\"_blank\" rel=\"noreferrer noopener\">Hochzeiten<\/a>, <a href=\"https:\/\/www.evely.com\/blog\/category\/kunden\/partymusik\" target=\"_blank\" rel=\"noreferrer noopener\">Feiern<\/a>, <em>Junggesell<\/em>innenabschiede, <a href=\"https:\/\/www.evely.com\/blog\/category\/kunden\/party-planen\" target=\"_blank\" rel=\"noreferrer noopener\">Partyplanung<\/a>, und allem, was f\u00fcr ein gutes Event dazu geh\u00f6rt, bleibt euch ebenfalls erhalten. Ihr findet auf der neuen Seite sogar alle Blog-Artikel in einer noch besseren \u00dcbersicht.<br>Mit <a href=\"https:\/\/www.evely.com\/\" target=\"_blank\" rel=\"noreferrer noopener\">Evely.com<\/a> b\u00fcndeln wir jetzt alles auf einer Plattform, um euch noch besser zu unterst\u00fctzen, inspirieren und vernetzen zu k\u00f6nnen.<\/p>\n\n\n\n<h3 class=\"wp-block-heading\"><strong>F\u00fcr unsere Dienstleister*innen:<\/strong><\/h3>\n\n\n\n<p>Neuer Name, neues Design \u2013 <strong>gleiche Partnerschaft!<\/strong><br>Nutze die Gelegenheit, dein Profil auf EVELY zu aktualisieren. Frische Bilder, neue Videos oder Texte \u2013 so pr\u00e4sentierst du dich im modernen Look und ziehst noch mehr Aufmerksamkeit auf dich. Lasst auch gerne ein Interview von euch da, welches wir dann auf unsere Homepage und in den sozialen Medien teilen.<\/p>\n\n\n\n<h3 class=\"wp-block-heading\"><strong>F\u00fcr unsere Kund*innen:<\/strong><\/h3>\n\n\n\n<p>Deine Buchungen bleiben nat\u00fcrlich sicher und unver\u00e4ndert.<br>Du findest alle vertrauten Funktionen \u2013 nur jetzt auf <a href=\"https:\/\/www.evely.com\/\" target=\"_blank\" rel=\"noreferrer noopener\"><strong>Evely.com<\/strong>.<\/a><\/p>\n\n\n\n<h2 class=\"wp-block-heading\"><br>Und wir freuen uns, dich weiterhin auf dem Weg zu deinem perfekten Event zu begleiten.<\/h2>\n","protected":false},"excerpt":{"rendered":"<p>Seit \u00fcber einem Jahrzehnt begleitet ihr uns auf unserer gemeinsamen Reise durch die Eventwelt. Gemeinsam haben wir gefeiert, getanzt, gelacht und unz\u00e4hlige unvergessliche Momente geschaffen. Und jetzt beginnt ein neues Kapitel \u2013 F\u00fcr uns und f\u00fcr euch!Wir hei\u00dfen ab sofort Evely.com! Warum wir einen Namenswechsel wollten? Der Name WeltklasseJungs hat uns seit 2011 begleitet \u2013 [&hellip;]<\/p>\n","protected":false},"author":747,"featured_media":15835,"comment_status":"open","ping_status":"open","sticky":false,"template":"","format":"standard","meta":{"_acf_changed":false,"footnotes":""},"categories":[108,103,66,67],"tags":[1587,1588,1586,668],"post_status":[],"class_list":["post-16352","post","type-post","status-publish","format-standard","has-post-thumbnail","hentry","category-allgemeines","category-anbieter","category-kunden","category-ueber-uns","tag-about","tag-evelycom","tag-news","tag-ueber-uns"],"acf":[],"yoast_head":"<!-- This site is optimized with the Yoast SEO plugin v27.5 - https:\/\/yoast.com\/product\/yoast-seo-wordpress\/ -->\n<title>Aus weltklassejungs wird EVELY \u2013 ein neuer Name, dieselbe Leidenschaft! - EVELY-Blog<\/title>\n<meta name=\"description\" content=\"Aus WeltklasseJungs.de wird Evely.com \u2013 neuer Name, neues Design, gleiche Leidenschaft f\u00fcr unvergessliche Events. Erfahre, was sich \u00e4ndert und was bleibt.\" \/>\n<meta name=\"robots\" content=\"index, follow, max-snippet:-1, max-image-preview:large, max-video-preview:-1\" \/>\n<link rel=\"canonical\" href=\"https:\/\/www.evely.com\/blog\/ueber-uns\/aus-weltklassejungs-de-wird-evely-com\" \/>\n<meta property=\"og:locale\" content=\"de_DE\" \/>\n<meta property=\"og:type\" content=\"article\" \/>\n<meta property=\"og:title\" content=\"Aus weltklassejungs wird EVELY \u2013 ein neuer Name, dieselbe Leidenschaft! - EVELY-Blog\" \/>\n<meta property=\"og:description\" content=\"Aus WeltklasseJungs.de wird Evely.com \u2013 neuer Name, neues Design, gleiche Leidenschaft f\u00fcr unvergessliche Events. Erfahre, was sich \u00e4ndert und was bleibt.\" \/>\n<meta property=\"og:url\" content=\"https:\/\/www.evely.com\/blog\/ueber-uns\/aus-weltklassejungs-de-wird-evely-com\" \/>\n<meta property=\"og:site_name\" content=\"Blog von EVELY.com\" \/>\n<meta property=\"article:publisher\" content=\"https:\/\/www.facebook.com\/EVELYcom\" \/>\n<meta property=\"article:published_time\" content=\"2025-10-14T17:47:59+00:00\" \/>\n<meta property=\"article:modified_time\" content=\"2025-11-26T13:42:05+00:00\" \/>\n<meta property=\"og:image\" content=\"https:\/\/www.evely.com\/blog\/wp-content\/uploads\/2025\/09\/logo_compact.png\" \/>\n\t<meta property=\"og:image:width\" content=\"700\" \/>\n\t<meta property=\"og:image:height\" content=\"350\" \/>\n\t<meta property=\"og:image:type\" content=\"image\/png\" \/>\n<meta name=\"author\" content=\"Maria\" \/>\n<!-- \/ Yoast SEO plugin. -->","yoast_head_json":{"title":"Aus weltklassejungs wird EVELY \u2013 ein neuer Name, dieselbe Leidenschaft! - EVELY-Blog","description":"Aus WeltklasseJungs.de wird Evely.com \u2013 neuer Name, neues Design, gleiche Leidenschaft f\u00fcr unvergessliche Events. Erfahre, was sich \u00e4ndert und was bleibt.","robots":{"index":"index","follow":"follow","max-snippet":"max-snippet:-1","max-image-preview":"max-image-preview:large","max-video-preview":"max-video-preview:-1"},"canonical":"https:\/\/www.evely.com\/blog\/ueber-uns\/aus-weltklassejungs-de-wird-evely-com","og_locale":"de_DE","og_type":"article","og_title":"Aus weltklassejungs wird EVELY \u2013 ein neuer Name, dieselbe Leidenschaft! - EVELY-Blog","og_description":"Aus WeltklasseJungs.de wird Evely.com \u2013 neuer Name, neues Design, gleiche Leidenschaft f\u00fcr unvergessliche Events. Erfahre, was sich \u00e4ndert und was bleibt.","og_url":"https:\/\/www.evely.com\/blog\/ueber-uns\/aus-weltklassejungs-de-wird-evely-com","og_site_name":"Blog von EVELY.com","article_publisher":"https:\/\/www.facebook.com\/EVELYcom","article_published_time":"2025-10-14T17:47:59+00:00","article_modified_time":"2025-11-26T13:42:05+00:00","og_image":[{"width":700,"height":350,"url":"https:\/\/www.evely.com\/blog\/wp-content\/uploads\/2025\/09\/logo_compact.png","type":"image\/png"}],"author":"Maria","schema":{"@context":"https:\/\/schema.org","@graph":[{"@type":"Article","@id":"https:\/\/www.evely.com\/blog\/ueber-uns\/aus-weltklassejungs-de-wird-evely-com#article","isPartOf":{"@id":"https:\/\/www.evely.com\/blog\/ueber-uns\/aus-weltklassejungs-de-wird-evely-com"},"author":{"name":"Maria","@id":"https:\/\/www.evely.com\/blog\/#\/schema\/person\/cf6ae8adeb745eebc37fd9e1d137afc0"},"headline":"Aus weltklassejungs wird EVELY \u2013 ein neuer Name, dieselbe Leidenschaft!","datePublished":"2025-10-14T17:47:59+00:00","dateModified":"2025-11-26T13:42:05+00:00","mainEntityOfPage":{"@id":"https:\/\/www.evely.com\/blog\/ueber-uns\/aus-weltklassejungs-de-wird-evely-com"},"wordCount":448,"commentCount":0,"publisher":{"@id":"https:\/\/www.evely.com\/blog\/#organization"},"image":{"@id":"https:\/\/www.evely.com\/blog\/ueber-uns\/aus-weltklassejungs-de-wird-evely-com#primaryimage"},"thumbnailUrl":"https:\/\/www.evely.com\/blog\/wp-content\/uploads\/2025\/09\/logo_compact.png","keywords":["About","Evelycom","News","\u00dcber uns"],"articleSection":{"1":"F\u00fcr Anbieter","2":"F\u00fcr Kunden","3":"\u00dcber uns"},"inLanguage":"de","potentialAction":[{"@type":"CommentAction","name":"Comment","target":["https:\/\/www.evely.com\/blog\/ueber-uns\/aus-weltklassejungs-de-wird-evely-com#respond"]}]},{"@type":"WebPage","@id":"https:\/\/www.evely.com\/blog\/ueber-uns\/aus-weltklassejungs-de-wird-evely-com","url":"https:\/\/www.evely.com\/blog\/ueber-uns\/aus-weltklassejungs-de-wird-evely-com","name":"Aus weltklassejungs wird EVELY \u2013 ein neuer Name, dieselbe Leidenschaft! - EVELY-Blog","isPartOf":{"@id":"https:\/\/www.evely.com\/blog\/#website"},"primaryImageOfPage":{"@id":"https:\/\/www.evely.com\/blog\/ueber-uns\/aus-weltklassejungs-de-wird-evely-com#primaryimage"},"image":{"@id":"https:\/\/www.evely.com\/blog\/ueber-uns\/aus-weltklassejungs-de-wird-evely-com#primaryimage"},"thumbnailUrl":"https:\/\/www.evely.com\/blog\/wp-content\/uploads\/2025\/09\/logo_compact.png","datePublished":"2025-10-14T17:47:59+00:00","dateModified":"2025-11-26T13:42:05+00:00","description":"Aus WeltklasseJungs.de wird Evely.com \u2013 neuer Name, neues Design, gleiche Leidenschaft f\u00fcr unvergessliche Events. Erfahre, was sich \u00e4ndert und was bleibt.","breadcrumb":{"@id":"https:\/\/www.evely.com\/blog\/ueber-uns\/aus-weltklassejungs-de-wird-evely-com#breadcrumb"},"inLanguage":"de","potentialAction":[{"@type":"ReadAction","target":["https:\/\/www.evely.com\/blog\/ueber-uns\/aus-weltklassejungs-de-wird-evely-com"]}]},{"@type":"ImageObject","inLanguage":"de","@id":"https:\/\/www.evely.com\/blog\/ueber-uns\/aus-weltklassejungs-de-wird-evely-com#primaryimage","url":"https:\/\/www.evely.com\/blog\/wp-content\/uploads\/2025\/09\/logo_compact.png","contentUrl":"https:\/\/www.evely.com\/blog\/wp-content\/uploads\/2025\/09\/logo_compact.png","width":700,"height":350},{"@type":"BreadcrumbList","@id":"https:\/\/www.evely.com\/blog\/ueber-uns\/aus-weltklassejungs-de-wird-evely-com#breadcrumb","itemListElement":[{"@type":"ListItem","position":1,"name":"Blog","item":"https:\/\/www.evely.com\/blog\/"},{"@type":"ListItem","position":2,"name":"Aus weltklassejungs wird EVELY \u2013 ein neuer Name, dieselbe Leidenschaft!"}]},{"@type":"WebSite","@id":"https:\/\/www.evely.com\/blog\/#website","url":"https:\/\/www.evely.com\/blog\/","name":"EVELY-Blog","description":"Einfach feiern!","publisher":{"@id":"https:\/\/www.evely.com\/blog\/#organization"},"potentialAction":[{"@type":"SearchAction","target":{"@type":"EntryPoint","urlTemplate":"https:\/\/www.evely.com\/blog\/?s={search_term_string}"},"query-input":{"@type":"PropertyValueSpecification","valueRequired":true,"valueName":"search_term_string"}}],"inLanguage":"de"},{"@type":"Organization","@id":"https:\/\/www.evely.com\/blog\/#organization","name":"EVELY","alternateName":"EVELY.com","url":"https:\/\/www.evely.com\/blog\/","logo":{"@type":"ImageObject","inLanguage":"de","@id":"https:\/\/www.evely.com\/blog\/#\/schema\/logo\/image\/","url":"https:\/\/www.evely.com\/blog\/wp-content\/uploads\/2025\/09\/logo_compact.png","contentUrl":"https:\/\/www.evely.com\/blog\/wp-content\/uploads\/2025\/09\/logo_compact.png","width":700,"height":350,"caption":"EVELY"},"image":{"@id":"https:\/\/www.evely.com\/blog\/#\/schema\/logo\/image\/"},"sameAs":["https:\/\/www.facebook.com\/EVELYcom","https:\/\/www.instagram.com\/EVELYcom","https:\/\/www.pinterest.de\/EVELYcom"]},{"@type":"Person","@id":"https:\/\/www.evely.com\/blog\/#\/schema\/person\/cf6ae8adeb745eebc37fd9e1d137afc0","name":"Maria","image":{"@type":"ImageObject","inLanguage":"de","@id":"https:\/\/secure.gravatar.com\/avatar\/f03650fa1028dffd332a56884aae31e9be17347b21dbbc0650df4799bcb584cb?s=96&d=mm&r=g","url":"https:\/\/secure.gravatar.com\/avatar\/f03650fa1028dffd332a56884aae31e9be17347b21dbbc0650df4799bcb584cb?s=96&d=mm&r=g","contentUrl":"https:\/\/secure.gravatar.com\/avatar\/f03650fa1028dffd332a56884aae31e9be17347b21dbbc0650df4799bcb584cb?s=96&d=mm&r=g","caption":"Maria"},"description":"Ihren bunten Alltag verbringt Maria als Hobby DJane, Yogi, Philosophin und Redakteurin in ihrer Wahlheimat K\u00f6ln. Sie verbringt ihre Freizeit am liebsten an den Str\u00e4nden der k\u00f6lschen Riviera und genie\u00dft nach Feierabend den Blick auf den Rhein. Am liebsten legt Sie alte Disco-Klassiker aus der ganzen Welt auf und noch lieber tanz sie dazu.","url":"https:\/\/www.evely.com\/blog\/author\/maria"}]}},"_links":{"self":[{"href":"https:\/\/www.evely.com\/blog\/wp-json\/wp\/v2\/posts\/16352","targetHints":{"allow":["GET"]}}],"collection":[{"href":"https:\/\/www.evely.com\/blog\/wp-json\/wp\/v2\/posts"}],"about":[{"href":"https:\/\/www.evely.com\/blog\/wp-json\/wp\/v2\/types\/post"}],"author":[{"embeddable":true,"href":"https:\/\/www.evely.com\/blog\/wp-json\/wp\/v2\/users\/747"}],"replies":[{"embeddable":true,"href":"https:\/\/www.evely.com\/blog\/wp-json\/wp\/v2\/comments?post=16352"}],"version-history":[{"count":4,"href":"https:\/\/www.evely.com\/blog\/wp-json\/wp\/v2\/posts\/16352\/revisions"}],"predecessor-version":[{"id":16381,"href":"https:\/\/www.evely.com\/blog\/wp-json\/wp\/v2\/posts\/16352\/revisions\/16381"}],"wp:featuredmedia":[{"embeddable":true,"href":"https:\/\/www.evely.com\/blog\/wp-json\/wp\/v2\/media\/15835"}],"wp:attachment":[{"href":"https:\/\/www.evely.com\/blog\/wp-json\/wp\/v2\/media?parent=16352"}],"wp:term":[{"taxonomy":"category","embeddable":true,"href":"https:\/\/www.evely.com\/blog\/wp-json\/wp\/v2\/categories?post=16352"},{"taxonomy":"post_tag","embeddable":true,"href":"https:\/\/www.evely.com\/blog\/wp-json\/wp\/v2\/tags?post=16352"},{"taxonomy":"post_status","embeddable":true,"href":"https:\/\/www.evely.com\/blog\/wp-json\/wp\/v2\/post_status?post=16352"}],"curies":[{"name":"wp","href":"https:\/\/api.w.org\/{rel}","templated":true}]}}